{"id":1533,"date":"2026-04-16T16:21:53","date_gmt":"2026-04-16T14:21:53","guid":{"rendered":"https:\/\/interieur.gouv.ne\/?p=1533"},"modified":"2026-04-28T16:41:41","modified_gmt":"2026-04-28T14:41:41","slug":"deguerpissement-dans-la-zone-aeroportuaire-de-niamey-le-gouvernement-met-en-place-un-dispositif-de-dialogue-et-de-veille-securitaire","status":"publish","type":"post","link":"https:\/\/interieur.gouv.ne\/index.php\/deguerpissement-dans-la-zone-aeroportuaire-de-niamey-le-gouvernement-met-en-place-un-dispositif-de-dialogue-et-de-veille-securitaire\/","title":{"rendered":"D\u00e9guerpissement dans la zone a\u00e9roportuaire de Niamey : le gouvernement met en place un dispositif de dialogue et de veille s\u00e9curitaire"},"content":{"rendered":"\n<p class=\"has-medium-font-size\" style=\"font-style:normal;font-weight:500\">En pr\u00e9lude \u00e0 l\u2019op\u00e9ration de d\u00e9guerpissement des populations install\u00e9es sur des lotissements ill\u00e9gaux dans la zone a\u00e9roportuaire de Niamey, le Secr\u00e9taire G\u00e9n\u00e9ral Adjoint du Minist\u00e8re de l\u2019Int\u00e9rieur, <strong>M. Abdoul Kader Garba Moussa<\/strong>, a pr\u00e9sid\u00e9, le 16 avril 2026, la premi\u00e8re r\u00e9union du comit\u00e9 charg\u00e9 du dialogue, de la communication et de la veille s\u00e9curitaire.<\/p>\n\n\n\n<p class=\"has-medium-font-size\" style=\"font-style:normal;font-weight:500\">Cr\u00e9\u00e9 par arr\u00eat\u00e9 du 30 mars 2026, ce comit\u00e9 a pour mission d\u2019assurer le dialogue entre autorit\u00e9s, Forces de d\u00e9fense et de s\u00e9curit\u00e9 (FDS) et populations concern\u00e9es, tout en coordonnant la communication autour des op\u00e9rations. Il est \u00e9galement charg\u00e9 de sensibiliser les populations, de pr\u00e9venir les risques s\u00e9curitaires et d\u2019accompagner la mise en \u0153uvre des d\u00e9guerpissements dans un climat apais\u00e9.<\/p>\n\n\n\n<figure class=\"wp-block-image size-full\"><img loading=\"lazy\" decoding=\"async\" width=\"6000\" height=\"4000\" src=\"https:\/\/interieur.gouv.ne\/wp-content\/uploads\/2026\/04\/DSC9305.jpg\" alt=\"\" class=\"wp-image-1520\"\/><figcaption class=\"wp-element-caption\"><strong>Image de la salle pendant la r\u00e9union<\/strong><\/figcaption><\/figure>\n\n\n\n<p><\/p>\n\n\n\n<p class=\"has-medium-font-size\" style=\"font-style:normal;font-weight:500\">Le comit\u00e9 veillera aussi \u00e0 recueillir les pr\u00e9occupations des populations affect\u00e9es et \u00e0 proposer des solutions conciliant s\u00e9curit\u00e9, ordre public et coh\u00e9sion sociale, tout en assurant le suivi des op\u00e9rations.<\/p>\n\n\n\n<p class=\"has-medium-font-size\" style=\"font-style:normal;font-weight:500\">Cette premi\u00e8re rencontre vise \u00e0 d\u00e9finir une feuille de route \u00e0 court, moyen et long terme pour renforcer la s\u00e9curit\u00e9 de la zone a\u00e9roportuaire de Niamey.<\/p>\n\n\n\n<figure class=\"wp-block-image size-full\"><img loading=\"lazy\" decoding=\"async\" width=\"4704\" height=\"4000\" src=\"https:\/\/interieur.gouv.ne\/wp-content\/uploads\/2026\/04\/DSC9349.jpg\" alt=\"\" class=\"wp-image-1522\"\/><figcaption class=\"wp-element-caption\"><strong>Le Gouverneur de Niamey lors de son allocution<\/strong><\/figcaption><\/figure>\n\n\n\n<p><\/p>\n\n\n\n<p class=\"has-medium-font-size\" style=\"font-style:normal;font-weight:500\">Par ailleurs, le Gouverneur de la r\u00e9gion a appel\u00e9 les populations \u00e0 lib\u00e9rer les emprises, en pr\u00e9cisant que le secteur Est de l\u2019A\u00e9roport international Diori Hamani constitue la priorit\u00e9.                                Des indemnisations pourraient \u00eatre envisag\u00e9es apr\u00e8s d\u00e9claration d\u2019utilit\u00e9 publique.<\/p>\n\n\n\n<p><\/p>\n","protected":false},"excerpt":{"rendered":"<p>En pr\u00e9lude \u00e0 l\u2019op\u00e9ration de d\u00e9guerpissement des populations install\u00e9es sur des lotissements ill\u00e9gaux dans la zone a\u00e9roportuaire de Niamey, le Secr\u00e9taire G\u00e9n\u00e9ral Adjoint du Minist\u00e8re de l\u2019Int\u00e9rieur, M. Abdoul Kader Garba Moussa, a pr\u00e9sid\u00e9, le 16 avril 2026, la premi\u00e8re r\u00e9union du comit\u00e9 charg\u00e9 du dialogue, de la communication et de la veille s\u00e9curitaire. Cr\u00e9\u00e9 [&hellip;]<\/p>\n","protected":false},"author":1,"featured_media":1531,"comment_status":"closed","ping_status":"closed","sticky":false,"template":"","format":"standard","meta":{"_bbp_topic_count":0,"_bbp_reply_count":0,"_bbp_total_topic_count":0,"_bbp_total_reply_count":0,"_bbp_voice_count":0,"_bbp_anonymous_reply_count":0,"_bbp_topic_count_hidden":0,"_bbp_reply_count_hidden":0,"_bbp_forum_subforum_count":0,"_monsterinsights_skip_tracking":false,"_monsterinsights_sitenote_active":false,"_monsterinsights_sitenote_note":"","_monsterinsights_sitenote_category":0,"footnotes":""},"categories":[199,7,8,198,5],"tags":[],"class_list":["post-1533","post","type-post","status-publish","format-standard","has-post-thumbnail","hentry","category-aes","category-gouvernement","category-interieur","category-international","category-securite"],"aioseo_notices":[],"_links":{"self":[{"href":"https:\/\/interieur.gouv.ne\/index.php\/wp-json\/wp\/v2\/posts\/1533","targetHints":{"allow":["GET"]}}],"collection":[{"href":"https:\/\/interieur.gouv.ne\/index.php\/wp-json\/wp\/v2\/posts"}],"about":[{"href":"https:\/\/interieur.gouv.ne\/index.php\/wp-json\/wp\/v2\/types\/post"}],"author":[{"embeddable":true,"href":"https:\/\/interieur.gouv.ne\/index.php\/wp-json\/wp\/v2\/users\/1"}],"replies":[{"embeddable":true,"href":"https:\/\/interieur.gouv.ne\/index.php\/wp-json\/wp\/v2\/comments?post=1533"}],"version-history":[{"count":1,"href":"https:\/\/interieur.gouv.ne\/index.php\/wp-json\/wp\/v2\/posts\/1533\/revisions"}],"predecessor-version":[{"id":1534,"href":"https:\/\/interieur.gouv.ne\/index.php\/wp-json\/wp\/v2\/posts\/1533\/revisions\/1534"}],"wp:featuredmedia":[{"embeddable":true,"href":"https:\/\/interieur.gouv.ne\/index.php\/wp-json\/wp\/v2\/media\/1531"}],"wp:attachment":[{"href":"https:\/\/interieur.gouv.ne\/index.php\/wp-json\/wp\/v2\/media?parent=1533"}],"wp:term":[{"taxonomy":"category","embeddable":true,"href":"https:\/\/interieur.gouv.ne\/index.php\/wp-json\/wp\/v2\/categories?post=1533"},{"taxonomy":"post_tag","embeddable":true,"href":"https:\/\/interieur.gouv.ne\/index.php\/wp-json\/wp\/v2\/tags?post=1533"}],"curies":[{"name":"wp","href":"https:\/\/api.w.org\/{rel}","templated":true}]}}